{"id":2063,"date":"2025-09-22T14:26:47","date_gmt":"2025-09-22T12:26:47","guid":{"rendered":"https:\/\/lespetitspotes.org\/?p=2063"},"modified":"2025-10-03T15:30:05","modified_gmt":"2025-10-03T13:30:05","slug":"vacance-de-la-toussaint-2025","status":"publish","type":"post","link":"https:\/\/lespetitspotes.org\/index.php\/2025\/09\/22\/vacance-de-la-toussaint-2025\/","title":{"rendered":"Vacance de la Toussaint 2025"},"content":{"rendered":"\n<figure class=\"wp-block-image size-large is-resized\"><img loading=\"lazy\" decoding=\"async\" width=\"724\" height=\"1024\" src=\"https:\/\/lespetitspotes.org\/wp-content\/uploads\/2025\/09\/Vacances-dautomne-2025-724x1024.png\" alt=\"\" class=\"wp-image-2064\" style=\"width:438px;height:auto\" srcset=\"https:\/\/lespetitspotes.org\/wp-content\/uploads\/2025\/09\/Vacances-dautomne-2025-724x1024.png 724w, https:\/\/lespetitspotes.org\/wp-content\/uploads\/2025\/09\/Vacances-dautomne-2025-212x300.png 212w, https:\/\/lespetitspotes.org\/wp-content\/uploads\/2025\/09\/Vacances-dautomne-2025-768x1086.png 768w, https:\/\/lespetitspotes.org\/wp-content\/uploads\/2025\/09\/Vacances-dautomne-2025-1086x1536.png 1086w, https:\/\/lespetitspotes.org\/wp-content\/uploads\/2025\/09\/Vacances-dautomne-2025-191x270.png 191w, https:\/\/lespetitspotes.org\/wp-content\/uploads\/2025\/09\/Vacances-dautomne-2025.png 1414w\" sizes=\"auto, (max-width: 724px) 100vw, 724px\" \/><\/figure>\n\n\n\n<p class=\"has-text-align-center\">Programmes d\u00e9taill\u00e9s \u00e0 venir rapidement !!<\/p>\n\n\n\n<div data-wp-interactive=\"core\/file\" class=\"wp-block-file\"><object data-wp-bind--hidden=\"!state.hasPdfPreview\" hidden class=\"wp-block-file__embed\" data=\"https:\/\/lespetitspotes.org\/wp-content\/uploads\/2025\/10\/Programme-automne-2025-VERSION-2.pdf\" type=\"application\/pdf\" style=\"width:100%;height:600px\" aria-label=\"Contenu embarqu\u00e9 Programme-automne-2025-VERSION-2.\"><\/object><a id=\"wp-block-file--media-ff9a4c96-c5c8-4f8c-a5e0-783f7dcdc065\" href=\"https:\/\/lespetitspotes.org\/wp-content\/uploads\/2025\/10\/Programme-automne-2025-VERSION-2.pdf\">Programme-automne-2025-VERSION-2<\/a><a href=\"https:\/\/lespetitspotes.org\/wp-content\/uploads\/2025\/10\/Programme-automne-2025-VERSION-2.pdf\" class=\"wp-block-file__button wp-element-button\" download aria-describedby=\"wp-block-file--media-ff9a4c96-c5c8-4f8c-a5e0-783f7dcdc065\">T\u00e9l\u00e9charger<\/a><\/div>\n","protected":false},"excerpt":{"rendered":"<p>Programmes d\u00e9taill\u00e9s \u00e0 venir rapidement !!<\/p>\n","protected":false},"author":5,"featured_media":0,"comment_status":"closed","ping_status":"closed","sticky":false,"template":"","format":"standard","meta":{"footnotes":""},"categories":[3,20],"tags":[],"class_list":["post-2063","post","type-post","status-publish","format-standard","hentry","category-accueil-vacances","category-programmes"],"_links":{"self":[{"href":"https:\/\/lespetitspotes.org\/index.php\/wp-json\/wp\/v2\/posts\/2063","targetHints":{"allow":["GET"]}}],"collection":[{"href":"https:\/\/lespetitspotes.org\/index.php\/wp-json\/wp\/v2\/posts"}],"about":[{"href":"https:\/\/lespetitspotes.org\/index.php\/wp-json\/wp\/v2\/types\/post"}],"author":[{"embeddable":true,"href":"https:\/\/lespetitspotes.org\/index.php\/wp-json\/wp\/v2\/users\/5"}],"replies":[{"embeddable":true,"href":"https:\/\/lespetitspotes.org\/index.php\/wp-json\/wp\/v2\/comments?post=2063"}],"version-history":[{"count":5,"href":"https:\/\/lespetitspotes.org\/index.php\/wp-json\/wp\/v2\/posts\/2063\/revisions"}],"predecessor-version":[{"id":2073,"href":"https:\/\/lespetitspotes.org\/index.php\/wp-json\/wp\/v2\/posts\/2063\/revisions\/2073"}],"wp:attachment":[{"href":"https:\/\/lespetitspotes.org\/index.php\/wp-json\/wp\/v2\/media?parent=2063"}],"wp:term":[{"taxonomy":"category","embeddable":true,"href":"https:\/\/lespetitspotes.org\/index.php\/wp-json\/wp\/v2\/categories?post=2063"},{"taxonomy":"post_tag","embeddable":true,"href":"https:\/\/lespetitspotes.org\/index.php\/wp-json\/wp\/v2\/tags?post=2063"}],"curies":[{"name":"wp","href":"https:\/\/api.w.org\/{rel}","templated":true}]}}