{"id":464,"date":"2018-01-24T10:46:26","date_gmt":"2018-01-24T09:46:26","guid":{"rendered":"http:\/\/lespetitspotes.org\/?p=464"},"modified":"2018-01-24T10:46:26","modified_gmt":"2018-01-24T09:46:26","slug":"vacances-dhiver-2018","status":"publish","type":"post","link":"https:\/\/lespetitspotes.org\/index.php\/2018\/01\/24\/vacances-dhiver-2018\/","title":{"rendered":"Vacances d&rsquo;hiver 2018"},"content":{"rendered":"<p style=\"text-align: center;\"><iframe loading=\"lazy\" class=\"pdfjs-viewer\" width=\"849px\" height=\"500px\" src=\"https:\/\/lespetitspotes.org\/wp-content\/plugins\/pdf-viewer\/stable\/web\/viewer.html?file=https:\/\/lespetitspotes.org\/wp-content\/uploads\/2018\/01\/ProgHiver18.pdf\"><\/iframe> <\/p>\n<p style=\"text-align: center;\"><strong>Vous ne parvenez pas \u00e0 visualiser le programme ? T\u00e9l\u00e9chargez-le en cliquant\u00a0<a href=\"https:\/\/lespetitspotes.org\/wp-content\/uploads\/2018\/01\/ProgHiver18.pdf\" target=\"_blank\" rel=\"noopener\">ICI<\/a> !<\/strong><\/p>\n<p style=\"text-align: center;\"><strong>Les inscriptions auront lieu en ligne sur le portail famille du 29 janvier au 1er f\u00e9vrier !<br \/>\n(Le portail est d\u00e9j\u00e0 accessible pour mettre \u00e0 jour votre dossier famille)<\/strong><\/p>\n<p style=\"text-align: center;\"><a href=\"http:\/\/inscriptions.lespetitspotes.org\" target=\"_blank\" rel=\"noopener\">CLIQUEZ ICI POUR ACC\u00c9DER AU PORTAIL FAMILLE<\/a><\/p>\n<p>&nbsp;<\/p>\n","protected":false},"excerpt":{"rendered":"<p>Vous ne parvenez pas \u00e0 visualiser le programme ? T\u00e9l\u00e9chargez-le en cliquant\u00a0ICI ! Les inscriptions auront lieu en ligne sur le portail famille du 29 janvier au 1er f\u00e9vrier ! (Le portail est d\u00e9j\u00e0 accessible pour mettre \u00e0 jour votre dossier famille) CLIQUEZ ICI POUR ACC\u00c9DER AU PORTAIL FAMILLE &nbsp;<\/p>\n","protected":false},"author":2,"featured_media":0,"comment_status":"closed","ping_status":"closed","sticky":false,"template":"","format":"standard","meta":{"footnotes":""},"categories":[3],"tags":[],"class_list":["post-464","post","type-post","status-publish","format-standard","hentry","category-accueil-vacances"],"_links":{"self":[{"href":"https:\/\/lespetitspotes.org\/index.php\/wp-json\/wp\/v2\/posts\/464","targetHints":{"allow":["GET"]}}],"collection":[{"href":"https:\/\/lespetitspotes.org\/index.php\/wp-json\/wp\/v2\/posts"}],"about":[{"href":"https:\/\/lespetitspotes.org\/index.php\/wp-json\/wp\/v2\/types\/post"}],"author":[{"embeddable":true,"href":"https:\/\/lespetitspotes.org\/index.php\/wp-json\/wp\/v2\/users\/2"}],"replies":[{"embeddable":true,"href":"https:\/\/lespetitspotes.org\/index.php\/wp-json\/wp\/v2\/comments?post=464"}],"version-history":[{"count":1,"href":"https:\/\/lespetitspotes.org\/index.php\/wp-json\/wp\/v2\/posts\/464\/revisions"}],"predecessor-version":[{"id":466,"href":"https:\/\/lespetitspotes.org\/index.php\/wp-json\/wp\/v2\/posts\/464\/revisions\/466"}],"wp:attachment":[{"href":"https:\/\/lespetitspotes.org\/index.php\/wp-json\/wp\/v2\/media?parent=464"}],"wp:term":[{"taxonomy":"category","embeddable":true,"href":"https:\/\/lespetitspotes.org\/index.php\/wp-json\/wp\/v2\/categories?post=464"},{"taxonomy":"post_tag","embeddable":true,"href":"https:\/\/lespetitspotes.org\/index.php\/wp-json\/wp\/v2\/tags?post=464"}],"curies":[{"name":"wp","href":"https:\/\/api.w.org\/{rel}","templated":true}]}}