{"id":467,"date":"2021-03-22T11:30:00","date_gmt":"2021-03-22T10:30:00","guid":{"rendered":"http:\/\/lespetitspotes.org\/?p=467"},"modified":"2021-06-15T13:32:41","modified_gmt":"2021-06-15T11:32:41","slug":"vacances-pintemps2021","status":"publish","type":"post","link":"https:\/\/lespetitspotes.org\/index.php\/2021\/03\/22\/vacances-pintemps2021\/","title":{"rendered":"Vacances de printemps  2021"},"content":{"rendered":"<p style=\"text-align: center;\">Inscription r\u00e9ouverte sur notre portail famille du 24 au 31 mars&nbsp; !<\/p>\n<h3 style=\"text-align: center;\"><strong><iframe loading=\"lazy\" class=\"pdfjs-viewer\" width=\"600px\" height=\"849px\" src=\"https:\/\/lespetitspotes.org\/wp-content\/plugins\/pdf-viewer\/stable\/web\/viewer.html?file=https:\/\/lespetitspotes.org\/wp-content\/uploads\/2021\/03\/Flyer-vacances-de-paques-2021-version-complete.pdf\"><\/iframe> <\/strong><\/h3>\n<p><\/p>\n<p>Les animateurs se sont r\u00e9unis le week-end dernier pour r\u00e9aliser les programmes d&rsquo;activit\u00e9s pour vos enfants<\/p>\n<p>Comme vous le savez nous avons pris le parti de ne plus diffuser de programmes d\u00e9taill\u00e9s afin de pouvoir adapter au mieux nos activit\u00e9s&nbsp; en fonction des envies, des besoins et de l&rsquo;\u00e9nergie de vos enfants mais \u00e9galement de la m\u00e9t\u00e9o et des effectifs.<\/p>\n<p>Vous trouverez donc au dos du flyer (page 2) un panel des activit\u00e9s qui seront propos\u00e9es durant ces deux semaines<\/p>\n<div class=\"o9v6fnle cxmmr5t8 oygrvhab hcukyx3x c1et5uql ii04i59q\">\n<div dir=\"auto\"><strong><span style=\"color: #ff0000;\">POUR INFORMATION :<\/span><\/strong><\/div>\n<\/div>\n<div class=\"o9v6fnle cxmmr5t8 oygrvhab hcukyx3x c1et5uql ii04i59q\">\n<div dir=\"auto\"><span style=\"color: #ff0000;\">Pour une meilleure souplesse de la gestion des inscriptions, nous vous confirmerons la prise en compte de votre demande MAIS le paiement sera \u00e0 apporter le 1er jour d\u2019accueil de l\u2019enfant ; de fait, si le gouvernement ne valide pas les ouvertures des accueils de loisirs d\u2019ici le d\u00e9but des vacances, vous n\u2019aurez pas \u00e0 \u00eatre rembours\u00e9.<\/span><\/div>\n<\/div>\n<div class=\"o9v6fnle cxmmr5t8 oygrvhab hcukyx3x c1et5uql ii04i59q\">\n<div dir=\"auto\"><span style=\"color: #ff0000;\">VOUS POUVEZ DONC INSCRIRE VOTRE OU VOS ENFANTS SANS CRAINTE !<\/span><\/div>\n<\/div>\n<div dir=\"auto\">&nbsp;<\/div>\n<div dir=\"auto\">&nbsp;<\/div>\n<div dir=\"auto\">&nbsp;<\/div>\n<div dir=\"auto\"><span style=\"color: #ff0000;\">AUTRE INFORMATIONS :<\/span><\/div>\n<div dir=\"auto\">\n<ul>\n<li><span style=\"color: #ff0000;\">Le protocole sanitaire actuel \u00e9voque de limiter le brassage des groupes scolaires et des tranches d&rsquo;\u00e2ges&nbsp;<u>dans la mesure du possible<\/u>. Cependant, nos locaux et nos ressources ne nous permettent pas de s\u00e9parer les enfants des diff\u00e9rentes \u00e9coles et en m\u00eame temps des diff\u00e9rentes tranches d\u2019\u00e2ge. Les enfants de toutes provenances seront donc accueillis au sein des trois groupes existant 3-5 ans, 6-8 ans et 9-12 ans, et 6-8 ans et 9-12 ans les jours de faible fr\u00e9quentation.&nbsp;<strong><u>Les \u00e9coles ne seront donc pas s\u00e9par\u00e9es au sein des groupes<\/u><\/strong>.<\/span><\/li>\n<li><span style=\"color: #ff0000;\">Comme dans les \u00e9coles les protocoles des cantines ayant \u00e9t\u00e9 renforc\u00e9<strong><u>, nous demandons que chaque enfant ait une gourde ou bouteille d\u2019eau afin de pouvoir appliquer ses nouvelles mesures<\/u><\/strong>.<\/span><\/li>\n<\/ul>\n<\/div>\n<p style=\"text-align: center;\">Pour que votre demande d&rsquo;inscription soit accept\u00e9e,<br>votre dossier 2021 doit \u00eatre complet et \u00e0 jour !<br>Pensez donc \u00e0 mettre \u00e0 jour la fiche enfant et la fiche sanitaire,<br>et \u00e0 nous envoyer les documents suivants :<br>Copie du carnet de vaccination<br>(le nom et pr\u00e9nom doit \u00eatre visible en haut de la page, DTP obligatoire)<br>Justificatif de quotient familial<br>Justificatif de domicile<br>Le \u00ab&nbsp;<a href=\"https:\/\/lespetitspotes.org\/wp-content\/uploads\/2021\/02\/REGLEMENT-INTERIEUR-2021.pdf\" target=\"_blank\" rel=\"noopener noreferrer\">R\u00e8glement int\u00e9rieur 2021<\/a>&nbsp;\u00bb sign\u00e9<br>Les \u00ab&nbsp;<a href=\"https:\/\/lespetitspotes.org\/wp-content\/uploads\/2021\/02\/CGI-2021.pdf\" target=\"_blank\" rel=\"noopener noreferrer\">Conditions G\u00e9n\u00e9rales d\u2019inscriptions 2021<\/a> \u00bb sign\u00e9es<\/p>\n<p style=\"text-align: center;\"><strong>Nous attendons les prochaines directives pour vous fournir le protocoles sanitaire qui sera a sign\u00e9 \u00e9galement<\/strong><\/p>\n<p style=\"text-align: center;\"><strong>Afin de bien recevoir nos mails de confirmation et de facture,<br>et d&rsquo;\u00e9viter qu&rsquo;ils partent dans vos spams, <\/strong><br><strong>pensez \u00e0 ajouter notre mail comme adresse autoris\u00e9e !<\/strong><\/p>\n<h3 style=\"text-align: center;\">Pour acc\u00e9der aux inscriptions, c&rsquo;est par ici :<br><a href=\"http:\/\/inscriptions.lespetitspotes.org\" target=\"_blank\" rel=\"noopener noreferrer\">http:\/\/inscriptions.lespetitspotes.org<\/a><\/h3>\n\n\n<p><\/p>\n","protected":false},"excerpt":{"rendered":"<p>Inscription r\u00e9ouverte sur notre portail famille du 24 au 31 mars&nbsp; ! Les animateurs se sont r\u00e9unis le week-end dernier pour r\u00e9aliser les programmes d&rsquo;activit\u00e9s pour vos enfants Comme vous le savez nous avons pris le parti de ne plus diffuser de programmes d\u00e9taill\u00e9s afin de pouvoir adapter au mieux nos activit\u00e9s&nbsp; en fonction des envies, des besoins et de l&rsquo;\u00e9nergie de vos enfants mais \u00e9galement de la m\u00e9t\u00e9o et des effectifs. Vous trouverez donc au dos du flyer (page&#8230;<\/p>\n<p class=\"read-more\"><a class=\"btn btn-default\" href=\"https:\/\/lespetitspotes.org\/index.php\/2021\/03\/22\/vacances-pintemps2021\/\">Lire la suite<span class=\"screen-reader-text\"> Lire la suite<\/span><\/a><\/p>\n","protected":false},"author":5,"featured_media":0,"comment_status":"closed","ping_status":"closed","sticky":false,"template":"","format":"standard","meta":{"footnotes":""},"categories":[3],"tags":[],"class_list":["post-467","post","type-post","status-publish","format-standard","hentry","category-accueil-vacances"],"_links":{"self":[{"href":"https:\/\/lespetitspotes.org\/index.php\/wp-json\/wp\/v2\/posts\/467","targetHints":{"allow":["GET"]}}],"collection":[{"href":"https:\/\/lespetitspotes.org\/index.php\/wp-json\/wp\/v2\/posts"}],"about":[{"href":"https:\/\/lespetitspotes.org\/index.php\/wp-json\/wp\/v2\/types\/post"}],"author":[{"embeddable":true,"href":"https:\/\/lespetitspotes.org\/index.php\/wp-json\/wp\/v2\/users\/5"}],"replies":[{"embeddable":true,"href":"https:\/\/lespetitspotes.org\/index.php\/wp-json\/wp\/v2\/comments?post=467"}],"version-history":[{"count":39,"href":"https:\/\/lespetitspotes.org\/index.php\/wp-json\/wp\/v2\/posts\/467\/revisions"}],"predecessor-version":[{"id":1044,"href":"https:\/\/lespetitspotes.org\/index.php\/wp-json\/wp\/v2\/posts\/467\/revisions\/1044"}],"wp:attachment":[{"href":"https:\/\/lespetitspotes.org\/index.php\/wp-json\/wp\/v2\/media?parent=467"}],"wp:term":[{"taxonomy":"category","embeddable":true,"href":"https:\/\/lespetitspotes.org\/index.php\/wp-json\/wp\/v2\/categories?post=467"},{"taxonomy":"post_tag","embeddable":true,"href":"https:\/\/lespetitspotes.org\/index.php\/wp-json\/wp\/v2\/tags?post=467"}],"curies":[{"name":"wp","href":"https:\/\/api.w.org\/{rel}","templated":true}]}}