{"id":524,"date":"2018-05-04T10:28:29","date_gmt":"2018-05-04T08:28:29","guid":{"rendered":"http:\/\/lespetitspotes.org\/?p=524"},"modified":"2018-05-04T10:29:40","modified_gmt":"2018-05-04T08:29:40","slug":"ete-2018-lapercu","status":"publish","type":"post","link":"https:\/\/lespetitspotes.org\/index.php\/2018\/05\/04\/ete-2018-lapercu\/","title":{"rendered":"\u00e9t\u00e9 2018, l&rsquo;aper\u00e7u&#8230;"},"content":{"rendered":"<p><img loading=\"lazy\" decoding=\"async\" class=\"size-full wp-image-525 aligncenter\" src=\"https:\/\/lespetitspotes.org\/wp-content\/uploads\/2018\/05\/FlyImageEte18.png\" alt=\"\" width=\"877\" height=\"1242\" srcset=\"https:\/\/lespetitspotes.org\/wp-content\/uploads\/2018\/05\/FlyImageEte18.png 877w, https:\/\/lespetitspotes.org\/wp-content\/uploads\/2018\/05\/FlyImageEte18-212x300.png 212w, https:\/\/lespetitspotes.org\/wp-content\/uploads\/2018\/05\/FlyImageEte18-768x1088.png 768w, https:\/\/lespetitspotes.org\/wp-content\/uploads\/2018\/05\/FlyImageEte18-723x1024.png 723w, https:\/\/lespetitspotes.org\/wp-content\/uploads\/2018\/05\/FlyImageEte18-191x270.png 191w\" sizes=\"auto, (max-width: 877px) 100vw, 877px\" \/><\/p>\n<h3 style=\"text-align: center;\">Pensez \u00e0 mettre \u00e0 jour votre dossier en ligne avant les inscriptions !<\/h3>\n<h3 style=\"text-align: center;\">Et n&rsquo;oubliez pas nos 3 s\u00e9jours \u00e0 d\u00e9couvrir page <a href=\"https:\/\/lespetitspotes.org\/index.php\/category\/sejours-et-stages\/\">S\u00e9jours et stages<\/a><\/h3>\n","protected":false},"excerpt":{"rendered":"<p>Pensez \u00e0 mettre \u00e0 jour votre dossier en ligne avant les inscriptions ! Et n&rsquo;oubliez pas nos 3 s\u00e9jours \u00e0 d\u00e9couvrir page S\u00e9jours et stages<\/p>\n","protected":false},"author":2,"featured_media":0,"comment_status":"closed","ping_status":"closed","sticky":false,"template":"","format":"standard","meta":{"footnotes":""},"categories":[3],"tags":[],"class_list":["post-524","post","type-post","status-publish","format-standard","hentry","category-accueil-vacances"],"_links":{"self":[{"href":"https:\/\/lespetitspotes.org\/index.php\/wp-json\/wp\/v2\/posts\/524","targetHints":{"allow":["GET"]}}],"collection":[{"href":"https:\/\/lespetitspotes.org\/index.php\/wp-json\/wp\/v2\/posts"}],"about":[{"href":"https:\/\/lespetitspotes.org\/index.php\/wp-json\/wp\/v2\/types\/post"}],"author":[{"embeddable":true,"href":"https:\/\/lespetitspotes.org\/index.php\/wp-json\/wp\/v2\/users\/2"}],"replies":[{"embeddable":true,"href":"https:\/\/lespetitspotes.org\/index.php\/wp-json\/wp\/v2\/comments?post=524"}],"version-history":[{"count":3,"href":"https:\/\/lespetitspotes.org\/index.php\/wp-json\/wp\/v2\/posts\/524\/revisions"}],"predecessor-version":[{"id":528,"href":"https:\/\/lespetitspotes.org\/index.php\/wp-json\/wp\/v2\/posts\/524\/revisions\/528"}],"wp:attachment":[{"href":"https:\/\/lespetitspotes.org\/index.php\/wp-json\/wp\/v2\/media?parent=524"}],"wp:term":[{"taxonomy":"category","embeddable":true,"href":"https:\/\/lespetitspotes.org\/index.php\/wp-json\/wp\/v2\/categories?post=524"},{"taxonomy":"post_tag","embeddable":true,"href":"https:\/\/lespetitspotes.org\/index.php\/wp-json\/wp\/v2\/tags?post=524"}],"curies":[{"name":"wp","href":"https:\/\/api.w.org\/{rel}","templated":true}]}}