{"id":541,"date":"2018-05-29T12:08:41","date_gmt":"2018-05-29T10:08:41","guid":{"rendered":"http:\/\/lespetitspotes.org\/?p=541"},"modified":"2018-05-29T12:08:41","modified_gmt":"2018-05-29T10:08:41","slug":"ete-2018-programmes","status":"publish","type":"post","link":"https:\/\/lespetitspotes.org\/index.php\/2018\/05\/29\/ete-2018-programmes\/","title":{"rendered":"\u00e9t\u00e9 2018, les programmes !"},"content":{"rendered":"<p style=\"text-align: center;\">Retrouvez ci-dessous les programmes d\u00e9taill\u00e9s de l&rsquo;\u00e9t\u00e9 2018 !<\/p>\n<p style=\"text-align: center;\">Attention, pour que votre demande d&rsquo;inscription soit valid\u00e9e, pensez \u00e0 mettre \u00e0 jour<br \/>\nvos dossiers avant, et \u00e0 envoyer tous les papiers justificatifs demand\u00e9s.<\/p>\n<p style=\"text-align: center;\"><em>Cliquez sur le programme souhait\u00e9 pour t\u00e9l\u00e9charger le programme d\u00e9taill\u00e9.<\/em><\/p>\n<h2 style=\"text-align: center;\"><a href=\"https:\/\/lespetitspotes.org\/wp-content\/uploads\/2018\/05\/ProgEte2018Petits.pdf\" target=\"_blank\" rel=\"noopener\">PROGRAMME 3-5 ANS<\/a><\/h2>\n<h2><\/h2>\n<h2 style=\"text-align: center;\"><a href=\"https:\/\/lespetitspotes.org\/wp-content\/uploads\/2018\/05\/ProgEte2018Moyens.pdf\" target=\"_blank\" rel=\"noopener\">PROGRAMME 6-7 ANS<\/a><\/h2>\n<h2><\/h2>\n<h2 style=\"text-align: center;\"><a href=\"https:\/\/lespetitspotes.org\/wp-content\/uploads\/2018\/05\/ProgEte2018Grands.pdf\" target=\"_blank\" rel=\"noopener\">PROGRAMME 8-12 ANS<br \/>\n<\/a><\/h2>\n<p>&nbsp;<\/p>\n<h3 style=\"text-align: center;\">Les inscriptions seront ouvertes sur le portail famille<br \/>\ndu 6 au 13 juin !<\/h3>\n<h2 style=\"text-align: center;\"><a href=\"http:\/\/inscriptions.lespetitspotes.org\" target=\"_blank\" rel=\"noopener\"><b>ACC\u00c8S\u00a0PORTAIL FAMILLE<\/b><\/a><\/h2>\n","protected":false},"excerpt":{"rendered":"<p>Retrouvez ci-dessous les programmes d\u00e9taill\u00e9s de l&rsquo;\u00e9t\u00e9 2018 ! Attention, pour que votre demande d&rsquo;inscription soit valid\u00e9e, pensez \u00e0 mettre \u00e0 jour vos dossiers avant, et \u00e0 envoyer tous les papiers justificatifs demand\u00e9s. Cliquez sur le programme souhait\u00e9 pour t\u00e9l\u00e9charger le programme d\u00e9taill\u00e9. PROGRAMME 3-5 ANS PROGRAMME 6-7 ANS PROGRAMME 8-12 ANS &nbsp; Les inscriptions seront ouvertes sur le portail famille du 6 au 13 juin ! ACC\u00c8S\u00a0PORTAIL FAMILLE<\/p>\n","protected":false},"author":2,"featured_media":0,"comment_status":"closed","ping_status":"closed","sticky":false,"template":"","format":"standard","meta":{"footnotes":""},"categories":[3],"tags":[],"class_list":["post-541","post","type-post","status-publish","format-standard","hentry","category-accueil-vacances"],"_links":{"self":[{"href":"https:\/\/lespetitspotes.org\/index.php\/wp-json\/wp\/v2\/posts\/541","targetHints":{"allow":["GET"]}}],"collection":[{"href":"https:\/\/lespetitspotes.org\/index.php\/wp-json\/wp\/v2\/posts"}],"about":[{"href":"https:\/\/lespetitspotes.org\/index.php\/wp-json\/wp\/v2\/types\/post"}],"author":[{"embeddable":true,"href":"https:\/\/lespetitspotes.org\/index.php\/wp-json\/wp\/v2\/users\/2"}],"replies":[{"embeddable":true,"href":"https:\/\/lespetitspotes.org\/index.php\/wp-json\/wp\/v2\/comments?post=541"}],"version-history":[{"count":7,"href":"https:\/\/lespetitspotes.org\/index.php\/wp-json\/wp\/v2\/posts\/541\/revisions"}],"predecessor-version":[{"id":551,"href":"https:\/\/lespetitspotes.org\/index.php\/wp-json\/wp\/v2\/posts\/541\/revisions\/551"}],"wp:attachment":[{"href":"https:\/\/lespetitspotes.org\/index.php\/wp-json\/wp\/v2\/media?parent=541"}],"wp:term":[{"taxonomy":"category","embeddable":true,"href":"https:\/\/lespetitspotes.org\/index.php\/wp-json\/wp\/v2\/categories?post=541"},{"taxonomy":"post_tag","embeddable":true,"href":"https:\/\/lespetitspotes.org\/index.php\/wp-json\/wp\/v2\/tags?post=541"}],"curies":[{"name":"wp","href":"https:\/\/api.w.org\/{rel}","templated":true}]}}