{"id":565,"date":"2018-06-29T13:47:58","date_gmt":"2018-06-29T11:47:58","guid":{"rendered":"http:\/\/lespetitspotes.org\/?p=565"},"modified":"2021-06-15T13:29:54","modified_gmt":"2021-06-15T11:29:54","slug":"mercredis-2018-2019","status":"publish","type":"post","link":"https:\/\/lespetitspotes.org\/index.php\/2018\/06\/29\/mercredis-2018-2019\/","title":{"rendered":"Les mercredis 2018-2019"},"content":{"rendered":"<p style=\"text-align: center;\">Pour l&rsquo;ann\u00e9e scolaire 2018\/2019, nous ouvrirons le mercredi de 12h \u00e0 18h30.<br \/>\nPas d&rsquo;ouverture le matin.<br \/>\nVotre dossier doit \u00eatre totalement \u00e0 jour.<\/p>\n<p style=\"text-align: center;\">Inscription uniquement en formule repas + apr\u00e8s-midi ou apr\u00e8s-midi seul,<br \/>\npas d&rsquo;inscription possible au repas seul.<br \/>\n<em>Les horaires sont les suivants :<\/em><br \/>\n<em>&#8211; arriv\u00e9e pour le repas : 12h \u00e0 12h30<\/em><br \/>\n<em>&#8211; arriv\u00e9e apr\u00e8s le repas : 13h30 \u00e0 14h<\/em><br \/>\n<em>&#8211; d\u00e9part du soir : 17h \u00e0 18h30.<\/em><\/p>\n<p style=\"text-align: center;\">Les inscriptions pour le mercredi doivent \u00eatre faites au plus tard<br \/>\nla veille avant 9h.<br \/>\nPass\u00e9 ce d\u00e9lai, les demandes ne seront pas trait\u00e9es.<\/p>\n<h2 style=\"text-align: center;\"><strong><a href=\"https:\/\/les-petits-potes.portail-defi.net\/\" target=\"_blank\" rel=\"noopener\">ACC\u00c8S PORTAIL FAMILLE<\/a><\/strong><\/h2>\n","protected":false},"excerpt":{"rendered":"<p>Pour l&rsquo;ann\u00e9e scolaire 2018\/2019, nous ouvrirons le mercredi de 12h \u00e0 18h30. Pas d&rsquo;ouverture le matin. Votre dossier doit \u00eatre totalement \u00e0 jour. Inscription uniquement en formule repas + apr\u00e8s-midi ou apr\u00e8s-midi seul, pas d&rsquo;inscription possible au repas seul. Les horaires sont les suivants : &#8211; arriv\u00e9e pour le repas : 12h \u00e0 12h30 &#8211; arriv\u00e9e apr\u00e8s le repas : 13h30 \u00e0 14h &#8211; d\u00e9part du soir : 17h \u00e0 18h30. Les inscriptions pour le mercredi doivent \u00eatre faites au&#8230;<\/p>\n<p class=\"read-more\"><a class=\"btn btn-default\" href=\"https:\/\/lespetitspotes.org\/index.php\/2018\/06\/29\/mercredis-2018-2019\/\">Lire la suite<span class=\"screen-reader-text\"> Lire la suite<\/span><\/a><\/p>\n","protected":false},"author":2,"featured_media":0,"comment_status":"closed","ping_status":"closed","sticky":false,"template":"","format":"standard","meta":{"footnotes":""},"categories":[3],"tags":[],"class_list":["post-565","post","type-post","status-publish","format-standard","hentry","category-accueil-vacances"],"_links":{"self":[{"href":"https:\/\/lespetitspotes.org\/index.php\/wp-json\/wp\/v2\/posts\/565","targetHints":{"allow":["GET"]}}],"collection":[{"href":"https:\/\/lespetitspotes.org\/index.php\/wp-json\/wp\/v2\/posts"}],"about":[{"href":"https:\/\/lespetitspotes.org\/index.php\/wp-json\/wp\/v2\/types\/post"}],"author":[{"embeddable":true,"href":"https:\/\/lespetitspotes.org\/index.php\/wp-json\/wp\/v2\/users\/2"}],"replies":[{"embeddable":true,"href":"https:\/\/lespetitspotes.org\/index.php\/wp-json\/wp\/v2\/comments?post=565"}],"version-history":[{"count":7,"href":"https:\/\/lespetitspotes.org\/index.php\/wp-json\/wp\/v2\/posts\/565\/revisions"}],"predecessor-version":[{"id":654,"href":"https:\/\/lespetitspotes.org\/index.php\/wp-json\/wp\/v2\/posts\/565\/revisions\/654"}],"wp:attachment":[{"href":"https:\/\/lespetitspotes.org\/index.php\/wp-json\/wp\/v2\/media?parent=565"}],"wp:term":[{"taxonomy":"category","embeddable":true,"href":"https:\/\/lespetitspotes.org\/index.php\/wp-json\/wp\/v2\/categories?post=565"},{"taxonomy":"post_tag","embeddable":true,"href":"https:\/\/lespetitspotes.org\/index.php\/wp-json\/wp\/v2\/tags?post=565"}],"curies":[{"name":"wp","href":"https:\/\/api.w.org\/{rel}","templated":true}]}}